{"id":96761,"date":"2026-02-10T04:32:26","date_gmt":"2026-02-10T04:32:26","guid":{"rendered":"https:\/\/www.duetecno.it\/tecnica\/protezione-uv-salvaguardare-materiali-e-finiture-dallesposizione-solare\/"},"modified":"2026-02-10T04:32:26","modified_gmt":"2026-02-10T04:32:26","slug":"protezione-uv-salvaguardare-materiali-e-finiture-dallesposizione-solare","status":"publish","type":"post","link":"https:\/\/www.duetecno.it\/en\/tecnica\/protezione-uv-salvaguardare-materiali-e-finiture-dallesposizione-solare\/","title":{"rendered":"Protezione UV: Salvaguardare Materiali e Finiture dall&#8217;Esposizione Solare"},"content":{"rendered":"<h1>Protezione UV: Salvaguardare Materiali e Finiture dall&#8217;Esposizione Solare<\/h1>\n<p><strong>Introduzione<\/strong><br \/>Nel mondo della nautica, l&#8217;esposizione ai raggi ultravioletti (UV) rappresenta una delle principali sfide per la conservazione dei materiali e delle finiture delle imbarcazioni. I raggi UV possono causare danni significativi, compromettendo l&#8217;estetica e la funzionalit\u00e0 delle superfici esposte. Pertanto, \u00e8 fondamentale adottare strategie efficaci per proteggere le imbarcazioni e preservarne il valore nel tempo. L&#8217;importanza di una corretta protezione UV non pu\u00f2 essere sottovalutata, soprattutto considerando l&#8217;investimento significativo che rappresentano yacht e imbarcazioni. In questo articolo, esploreremo le migliori pratiche per proteggere i materiali nautici dall&#8217;esposizione solare, garantendo durabilit\u00e0 e performance ottimali.<\/p>\n<h2>Effetti dei Raggi UV sui Materiali Nautici<\/h2>\n<p>I raggi UV possono causare un&#8217;ampia gamma di problemi ai materiali nautici, tra cui sbiadimento, indebolimento strutturale e degrado delle superfici. Questi effetti sono particolarmente evidenti su materiali come legno, fibra di vetro e metalli verniciati.<\/p>\n<h3>Sbiadimento e Degrado delle Finiture<\/h3>\n<p>Il sbiadimento \u00e8 uno dei primi segni visibili di danno UV. Le superfici verniciate possono perdere brillantezza e colore, mentre i rivestimenti in legno possono diventare opachi e scoloriti. Questo non solo compromette l&#8217;estetica dell&#8217;imbarcazione, ma pu\u00f2 anche portare a problemi pi\u00f9 gravi se non affrontato tempestivamente.<\/p>\n<h3>Indebolimento Strutturale<\/h3>\n<p>L&#8217;esposizione prolungata ai raggi UV pu\u00f2 anche indebolire i materiali strutturali, rendendoli pi\u00f9 fragili e suscettibili a crepe e rotture. Questo \u00e8 particolarmente preoccupante per le superfici in fibra di vetro, che possono perdere la loro integrit\u00e0 strutturale.<\/p>\n<h2>Soluzioni Efficaci per la Protezione UV<\/h2>\n<p>Per proteggere efficacemente le imbarcazioni dai danni UV, \u00e8 essenziale utilizzare prodotti specificamente progettati per resistere a queste condizioni ambientali. Due Tecno offre una gamma di soluzioni ideali per questo scopo.<\/p>\n<h3>Sigillanti e Adesivi Resistenti ai Raggi UV<\/h3>\n<p>I sigillanti e adesivi marini come quelli offerti da Due Tecno sono formulati per resistere all&#8217;esposizione solare prolungata. Prodotti come i Siliconi Plexus offrono una barriera protettiva che previene il degrado dei materiali sottostanti.<\/p>\n<h3>Rivestimenti Protettivi<\/h3>\n<p>Applicare rivestimenti protettivi specifici \u00e8 un altro metodo efficace per prevenire i danni UV. Questi prodotti formano uno strato protettivo sulla superficie del materiale, riducendo l&#8217;impatto dei raggi solari.<\/p>\n<h2>Consigli Pratici per la Protezione UV<\/h2>\n<ul>\n<li>Utilizzare coperture protettive quando l&#8217;imbarcazione non \u00e8 in uso.<\/li>\n<li>Applicare regolarmente cera o rivestimenti protettivi su superfici esposte.<\/li>\n<li>Scegliere materiali resistenti ai raggi UV durante la costruzione o il refitting.<\/li>\n<li>Eseguire controlli regolari per individuare eventuali segni di danno UV precoce.<\/li>\n<\/ul>\n<h2>Conclusione<\/h2>\n<p>I danni causati dai raggi UV possono essere significativi, ma con le giuste misure preventive \u00e8 possibile preservare l&#8217;integrit\u00e0 e l&#8217;estetica delle imbarcazioni. Due Tecno offre soluzioni avanzate per la protezione UV, aiutando i professionisti del settore nautico a mantenere le loro imbarcazioni in condizioni ottimali. Contattaci oggi stesso per scoprire come i nostri prodotti possono fare la differenza nella protezione della tua imbarcazione dai danni solari.<\/p>\n<p><em>Articolo a cura di <a href=\"https:\/\/www.duetecno.it\">Due Tecno<\/a> &#8211; Il vostro partner per le forniture nautiche di qualit\u00e0.<\/em><\/p>\n","protected":false},"excerpt":{"rendered":"<p>Scopri come proteggere le imbarcazioni dai danni dei raggi UV per preservarne estetica e funzionalit\u00e0.<\/p>\n","protected":false},"author":1,"featured_media":96762,"comment_status":"open","ping_status":"open","sticky":false,"template":"","format":"standard","meta":{"inline_featured_image":false,"footnotes":""},"categories":[300],"tags":[302,297,301],"class_list":["post-96761","post","type-post","status-publish","format-standard","has-post-thumbnail","hentry","category-tecnica","tag-materiali-nautici","tag-nautica","tag-protezione-uv","category-300","description-off"],"yoast_head":"<!-- This site is optimized with the Yoast SEO plugin v28.3 - https:\/\/yoast.com\/product\/yoast-seo-wordpress\/ -->\n<title>Protezione UV: Salvaguardare Materiali e Finiture dall&#039;Esposizione Solare - Leader nelle forniture navali per imbarcazioni di lusso<\/title>\n<meta name=\"description\" content=\"Scopri come proteggere le imbarcazioni dai danni dei raggi UV per preservarne estetica e funzionalit\u00e0 nel tempo.\" \/>\n<meta name=\"robots\" content=\"index, follow, max-snippet:-1, max-image-preview:large, max-video-preview:-1\" \/>\n<link rel=\"canonical\" href=\"https:\/\/www.duetecno.it\/en\/tecnica\/protezione-uv-salvaguardare-materiali-e-finiture-dallesposizione-solare\/\" \/>\n<meta property=\"og:locale\" content=\"en_US\" \/>\n<meta property=\"og:type\" content=\"article\" \/>\n<meta property=\"og:title\" content=\"Protezione UV: Salvaguardare Materiali e Finiture dall&#039;Esposizione Solare - Leader nelle forniture navali per imbarcazioni di lusso\" \/>\n<meta property=\"og:description\" content=\"Scopri come proteggere le imbarcazioni dai danni dei raggi UV per preservarne estetica e funzionalit\u00e0 nel tempo.\" \/>\n<meta property=\"og:url\" content=\"https:\/\/www.duetecno.it\/en\/tecnica\/protezione-uv-salvaguardare-materiali-e-finiture-dallesposizione-solare\/\" \/>\n<meta property=\"og:site_name\" content=\"Leader nelle forniture navali per imbarcazioni di lusso\" \/>\n<meta property=\"article:published_time\" content=\"2026-02-10T04:32:26+00:00\" \/>\n<meta property=\"og:image\" content=\"https:\/\/www.duetecno.it\/wp-content\/uploads\/2026\/02\/protezione-uv-salvaguardare-materiali-e-finiture-dallesposizione-solare-1770697964-1024x585.png\" \/>\n\t<meta property=\"og:image:width\" content=\"1024\" \/>\n\t<meta property=\"og:image:height\" content=\"585\" \/>\n\t<meta property=\"og:image:type\" content=\"image\/png\" \/>\n<meta name=\"author\" content=\"DueTecno\" \/>\n<meta name=\"twitter:card\" content=\"summary_large_image\" \/>\n<meta name=\"twitter:label1\" content=\"Written by\" \/>\n\t<meta name=\"twitter:data1\" content=\"DueTecno\" \/>\n\t<meta name=\"twitter:label2\" content=\"Est. reading time\" \/>\n\t<meta name=\"twitter:data2\" content=\"2 minutes\" \/>\n<script type=\"application\/ld+json\" class=\"yoast-schema-graph\">{\"@context\":\"https:\\\/\\\/schema.org\",\"@graph\":[{\"@type\":\"Article\",\"@id\":\"https:\\\/\\\/www.duetecno.it\\\/en\\\/tecnica\\\/protezione-uv-salvaguardare-materiali-e-finiture-dallesposizione-solare\\\/#article\",\"isPartOf\":{\"@id\":\"https:\\\/\\\/www.duetecno.it\\\/en\\\/tecnica\\\/protezione-uv-salvaguardare-materiali-e-finiture-dallesposizione-solare\\\/\"},\"author\":{\"name\":\"DueTecno\",\"@id\":\"https:\\\/\\\/www.duetecno.it\\\/en\\\/#\\\/schema\\\/person\\\/42fa994c65617fcfc97db48212819267\"},\"headline\":\"Protezione UV: Salvaguardare Materiali e Finiture dall&#8217;Esposizione Solare\",\"datePublished\":\"2026-02-10T04:32:26+00:00\",\"mainEntityOfPage\":{\"@id\":\"https:\\\/\\\/www.duetecno.it\\\/en\\\/tecnica\\\/protezione-uv-salvaguardare-materiali-e-finiture-dallesposizione-solare\\\/\"},\"wordCount\":494,\"commentCount\":0,\"publisher\":{\"@id\":\"https:\\\/\\\/www.duetecno.it\\\/en\\\/#organization\"},\"image\":{\"@id\":\"https:\\\/\\\/www.duetecno.it\\\/en\\\/tecnica\\\/protezione-uv-salvaguardare-materiali-e-finiture-dallesposizione-solare\\\/#primaryimage\"},\"thumbnailUrl\":\"https:\\\/\\\/www.duetecno.it\\\/wp-content\\\/uploads\\\/2026\\\/02\\\/protezione-uv-salvaguardare-materiali-e-finiture-dallesposizione-solare-1770697964.png\",\"keywords\":[\"materiali nautici\",\"nautica\",\"protezione UV\"],\"articleSection\":[\"Approfondimenti Tecnici\"],\"inLanguage\":\"en-US\"},{\"@type\":\"WebPage\",\"@id\":\"https:\\\/\\\/www.duetecno.it\\\/en\\\/tecnica\\\/protezione-uv-salvaguardare-materiali-e-finiture-dallesposizione-solare\\\/\",\"url\":\"https:\\\/\\\/www.duetecno.it\\\/en\\\/tecnica\\\/protezione-uv-salvaguardare-materiali-e-finiture-dallesposizione-solare\\\/\",\"name\":\"Protezione UV: Salvaguardare Materiali e Finiture dall'Esposizione Solare - Leader nelle forniture navali per imbarcazioni di lusso\",\"isPartOf\":{\"@id\":\"https:\\\/\\\/www.duetecno.it\\\/en\\\/#website\"},\"primaryImageOfPage\":{\"@id\":\"https:\\\/\\\/www.duetecno.it\\\/en\\\/tecnica\\\/protezione-uv-salvaguardare-materiali-e-finiture-dallesposizione-solare\\\/#primaryimage\"},\"image\":{\"@id\":\"https:\\\/\\\/www.duetecno.it\\\/en\\\/tecnica\\\/protezione-uv-salvaguardare-materiali-e-finiture-dallesposizione-solare\\\/#primaryimage\"},\"thumbnailUrl\":\"https:\\\/\\\/www.duetecno.it\\\/wp-content\\\/uploads\\\/2026\\\/02\\\/protezione-uv-salvaguardare-materiali-e-finiture-dallesposizione-solare-1770697964.png\",\"datePublished\":\"2026-02-10T04:32:26+00:00\",\"description\":\"Scopri come proteggere le imbarcazioni dai danni dei raggi UV per preservarne estetica e funzionalit\u00e0 nel tempo.\",\"breadcrumb\":{\"@id\":\"https:\\\/\\\/www.duetecno.it\\\/en\\\/tecnica\\\/protezione-uv-salvaguardare-materiali-e-finiture-dallesposizione-solare\\\/#breadcrumb\"},\"inLanguage\":\"en-US\",\"potentialAction\":[{\"@type\":\"ReadAction\",\"target\":[\"https:\\\/\\\/www.duetecno.it\\\/en\\\/tecnica\\\/protezione-uv-salvaguardare-materiali-e-finiture-dallesposizione-solare\\\/\"]}]},{\"@type\":\"ImageObject\",\"inLanguage\":\"en-US\",\"@id\":\"https:\\\/\\\/www.duetecno.it\\\/en\\\/tecnica\\\/protezione-uv-salvaguardare-materiali-e-finiture-dallesposizione-solare\\\/#primaryimage\",\"url\":\"https:\\\/\\\/www.duetecno.it\\\/wp-content\\\/uploads\\\/2026\\\/02\\\/protezione-uv-salvaguardare-materiali-e-finiture-dallesposizione-solare-1770697964.png\",\"contentUrl\":\"https:\\\/\\\/www.duetecno.it\\\/wp-content\\\/uploads\\\/2026\\\/02\\\/protezione-uv-salvaguardare-materiali-e-finiture-dallesposizione-solare-1770697964.png\",\"width\":1792,\"height\":1024,\"caption\":\"Protezione UV: Salvaguardare Materiali e Finiture dall'Esposizione Solare\"},{\"@type\":\"BreadcrumbList\",\"@id\":\"https:\\\/\\\/www.duetecno.it\\\/en\\\/tecnica\\\/protezione-uv-salvaguardare-materiali-e-finiture-dallesposizione-solare\\\/#breadcrumb\",\"itemListElement\":[{\"@type\":\"ListItem\",\"position\":1,\"name\":\"Home\",\"item\":\"https:\\\/\\\/www.duetecno.it\\\/en\\\/\"},{\"@type\":\"ListItem\",\"position\":2,\"name\":\"Protezione UV: Salvaguardare Materiali e Finiture dall&#8217;Esposizione Solare\"}]},{\"@type\":\"WebSite\",\"@id\":\"https:\\\/\\\/www.duetecno.it\\\/en\\\/#website\",\"url\":\"https:\\\/\\\/www.duetecno.it\\\/en\\\/\",\"name\":\"Leader nelle forniture navali per imbarcazioni di lusso\",\"description\":\"\",\"publisher\":{\"@id\":\"https:\\\/\\\/www.duetecno.it\\\/en\\\/#organization\"},\"potentialAction\":[{\"@type\":\"SearchAction\",\"target\":{\"@type\":\"EntryPoint\",\"urlTemplate\":\"https:\\\/\\\/www.duetecno.it\\\/en\\\/?s={search_term_string}\"},\"query-input\":{\"@type\":\"PropertyValueSpecification\",\"valueRequired\":true,\"valueName\":\"search_term_string\"}}],\"inLanguage\":\"en-US\"},{\"@type\":\"Organization\",\"@id\":\"https:\\\/\\\/www.duetecno.it\\\/en\\\/#organization\",\"name\":\"Leader nelle forniture navali per imbarcazioni di lusso\",\"url\":\"https:\\\/\\\/www.duetecno.it\\\/en\\\/\",\"logo\":{\"@type\":\"ImageObject\",\"inLanguage\":\"en-US\",\"@id\":\"https:\\\/\\\/www.duetecno.it\\\/en\\\/#\\\/schema\\\/logo\\\/image\\\/\",\"url\":\"https:\\\/\\\/www.duetecno.it\\\/wp-content\\\/uploads\\\/2022\\\/12\\\/logo600-white.png\",\"contentUrl\":\"https:\\\/\\\/www.duetecno.it\\\/wp-content\\\/uploads\\\/2022\\\/12\\\/logo600-white.png\",\"width\":600,\"height\":162,\"caption\":\"Leader nelle forniture navali per imbarcazioni di lusso\"},\"image\":{\"@id\":\"https:\\\/\\\/www.duetecno.it\\\/en\\\/#\\\/schema\\\/logo\\\/image\\\/\"}},{\"@type\":\"Person\",\"@id\":\"https:\\\/\\\/www.duetecno.it\\\/en\\\/#\\\/schema\\\/person\\\/42fa994c65617fcfc97db48212819267\",\"name\":\"DueTecno\",\"image\":{\"@type\":\"ImageObject\",\"inLanguage\":\"en-US\",\"@id\":\"https:\\\/\\\/secure.gravatar.com\\\/avatar\\\/4cfc263c32b2239e66ee1106671ef3977bd9b835b24deab7ca99956deab18fe3?s=96&d=mm&r=g\",\"url\":\"https:\\\/\\\/secure.gravatar.com\\\/avatar\\\/4cfc263c32b2239e66ee1106671ef3977bd9b835b24deab7ca99956deab18fe3?s=96&d=mm&r=g\",\"contentUrl\":\"https:\\\/\\\/secure.gravatar.com\\\/avatar\\\/4cfc263c32b2239e66ee1106671ef3977bd9b835b24deab7ca99956deab18fe3?s=96&d=mm&r=g\",\"caption\":\"DueTecno\"},\"sameAs\":[\"https:\\\/\\\/www.duetecno.it\"],\"url\":\"https:\\\/\\\/www.duetecno.it\\\/en\\\/author\\\/admin\\\/\"}]}<\/script>\n<!-- \/ Yoast SEO plugin. -->","yoast_head_json":{"title":"Protezione UV: Salvaguardare Materiali e Finiture dall'Esposizione Solare - Leader nelle forniture navali per imbarcazioni di lusso","description":"Scopri come proteggere le imbarcazioni dai danni dei raggi UV per preservarne estetica e funzionalit\u00e0 nel tempo.","robots":{"index":"index","follow":"follow","max-snippet":"max-snippet:-1","max-image-preview":"max-image-preview:large","max-video-preview":"max-video-preview:-1"},"canonical":"https:\/\/www.duetecno.it\/en\/tecnica\/protezione-uv-salvaguardare-materiali-e-finiture-dallesposizione-solare\/","og_locale":"en_US","og_type":"article","og_title":"Protezione UV: Salvaguardare Materiali e Finiture dall'Esposizione Solare - Leader nelle forniture navali per imbarcazioni di lusso","og_description":"Scopri come proteggere le imbarcazioni dai danni dei raggi UV per preservarne estetica e funzionalit\u00e0 nel tempo.","og_url":"https:\/\/www.duetecno.it\/en\/tecnica\/protezione-uv-salvaguardare-materiali-e-finiture-dallesposizione-solare\/","og_site_name":"Leader nelle forniture navali per imbarcazioni di lusso","article_published_time":"2026-02-10T04:32:26+00:00","og_image":[{"width":1024,"height":585,"url":"https:\/\/www.duetecno.it\/wp-content\/uploads\/2026\/02\/protezione-uv-salvaguardare-materiali-e-finiture-dallesposizione-solare-1770697964-1024x585.png","type":"image\/png"}],"author":"DueTecno","twitter_card":"summary_large_image","twitter_misc":{"Written by":"DueTecno","Est. reading time":"2 minutes"},"schema":{"@context":"https:\/\/schema.org","@graph":[{"@type":"Article","@id":"https:\/\/www.duetecno.it\/en\/tecnica\/protezione-uv-salvaguardare-materiali-e-finiture-dallesposizione-solare\/#article","isPartOf":{"@id":"https:\/\/www.duetecno.it\/en\/tecnica\/protezione-uv-salvaguardare-materiali-e-finiture-dallesposizione-solare\/"},"author":{"name":"DueTecno","@id":"https:\/\/www.duetecno.it\/en\/#\/schema\/person\/42fa994c65617fcfc97db48212819267"},"headline":"Protezione UV: Salvaguardare Materiali e Finiture dall&#8217;Esposizione Solare","datePublished":"2026-02-10T04:32:26+00:00","mainEntityOfPage":{"@id":"https:\/\/www.duetecno.it\/en\/tecnica\/protezione-uv-salvaguardare-materiali-e-finiture-dallesposizione-solare\/"},"wordCount":494,"commentCount":0,"publisher":{"@id":"https:\/\/www.duetecno.it\/en\/#organization"},"image":{"@id":"https:\/\/www.duetecno.it\/en\/tecnica\/protezione-uv-salvaguardare-materiali-e-finiture-dallesposizione-solare\/#primaryimage"},"thumbnailUrl":"https:\/\/www.duetecno.it\/wp-content\/uploads\/2026\/02\/protezione-uv-salvaguardare-materiali-e-finiture-dallesposizione-solare-1770697964.png","keywords":["materiali nautici","nautica","protezione UV"],"articleSection":["Approfondimenti Tecnici"],"inLanguage":"en-US"},{"@type":"WebPage","@id":"https:\/\/www.duetecno.it\/en\/tecnica\/protezione-uv-salvaguardare-materiali-e-finiture-dallesposizione-solare\/","url":"https:\/\/www.duetecno.it\/en\/tecnica\/protezione-uv-salvaguardare-materiali-e-finiture-dallesposizione-solare\/","name":"Protezione UV: Salvaguardare Materiali e Finiture dall'Esposizione Solare - Leader nelle forniture navali per imbarcazioni di lusso","isPartOf":{"@id":"https:\/\/www.duetecno.it\/en\/#website"},"primaryImageOfPage":{"@id":"https:\/\/www.duetecno.it\/en\/tecnica\/protezione-uv-salvaguardare-materiali-e-finiture-dallesposizione-solare\/#primaryimage"},"image":{"@id":"https:\/\/www.duetecno.it\/en\/tecnica\/protezione-uv-salvaguardare-materiali-e-finiture-dallesposizione-solare\/#primaryimage"},"thumbnailUrl":"https:\/\/www.duetecno.it\/wp-content\/uploads\/2026\/02\/protezione-uv-salvaguardare-materiali-e-finiture-dallesposizione-solare-1770697964.png","datePublished":"2026-02-10T04:32:26+00:00","description":"Scopri come proteggere le imbarcazioni dai danni dei raggi UV per preservarne estetica e funzionalit\u00e0 nel tempo.","breadcrumb":{"@id":"https:\/\/www.duetecno.it\/en\/tecnica\/protezione-uv-salvaguardare-materiali-e-finiture-dallesposizione-solare\/#breadcrumb"},"inLanguage":"en-US","potentialAction":[{"@type":"ReadAction","target":["https:\/\/www.duetecno.it\/en\/tecnica\/protezione-uv-salvaguardare-materiali-e-finiture-dallesposizione-solare\/"]}]},{"@type":"ImageObject","inLanguage":"en-US","@id":"https:\/\/www.duetecno.it\/en\/tecnica\/protezione-uv-salvaguardare-materiali-e-finiture-dallesposizione-solare\/#primaryimage","url":"https:\/\/www.duetecno.it\/wp-content\/uploads\/2026\/02\/protezione-uv-salvaguardare-materiali-e-finiture-dallesposizione-solare-1770697964.png","contentUrl":"https:\/\/www.duetecno.it\/wp-content\/uploads\/2026\/02\/protezione-uv-salvaguardare-materiali-e-finiture-dallesposizione-solare-1770697964.png","width":1792,"height":1024,"caption":"Protezione UV: Salvaguardare Materiali e Finiture dall'Esposizione Solare"},{"@type":"BreadcrumbList","@id":"https:\/\/www.duetecno.it\/en\/tecnica\/protezione-uv-salvaguardare-materiali-e-finiture-dallesposizione-solare\/#breadcrumb","itemListElement":[{"@type":"ListItem","position":1,"name":"Home","item":"https:\/\/www.duetecno.it\/en\/"},{"@type":"ListItem","position":2,"name":"Protezione UV: Salvaguardare Materiali e Finiture dall&#8217;Esposizione Solare"}]},{"@type":"WebSite","@id":"https:\/\/www.duetecno.it\/en\/#website","url":"https:\/\/www.duetecno.it\/en\/","name":"Leader nelle forniture navali per imbarcazioni di lusso","description":"","publisher":{"@id":"https:\/\/www.duetecno.it\/en\/#organization"},"potentialAction":[{"@type":"SearchAction","target":{"@type":"EntryPoint","urlTemplate":"https:\/\/www.duetecno.it\/en\/?s={search_term_string}"},"query-input":{"@type":"PropertyValueSpecification","valueRequired":true,"valueName":"search_term_string"}}],"inLanguage":"en-US"},{"@type":"Organization","@id":"https:\/\/www.duetecno.it\/en\/#organization","name":"Leader nelle forniture navali per imbarcazioni di lusso","url":"https:\/\/www.duetecno.it\/en\/","logo":{"@type":"ImageObject","inLanguage":"en-US","@id":"https:\/\/www.duetecno.it\/en\/#\/schema\/logo\/image\/","url":"https:\/\/www.duetecno.it\/wp-content\/uploads\/2022\/12\/logo600-white.png","contentUrl":"https:\/\/www.duetecno.it\/wp-content\/uploads\/2022\/12\/logo600-white.png","width":600,"height":162,"caption":"Leader nelle forniture navali per imbarcazioni di lusso"},"image":{"@id":"https:\/\/www.duetecno.it\/en\/#\/schema\/logo\/image\/"}},{"@type":"Person","@id":"https:\/\/www.duetecno.it\/en\/#\/schema\/person\/42fa994c65617fcfc97db48212819267","name":"DueTecno","image":{"@type":"ImageObject","inLanguage":"en-US","@id":"https:\/\/secure.gravatar.com\/avatar\/4cfc263c32b2239e66ee1106671ef3977bd9b835b24deab7ca99956deab18fe3?s=96&d=mm&r=g","url":"https:\/\/secure.gravatar.com\/avatar\/4cfc263c32b2239e66ee1106671ef3977bd9b835b24deab7ca99956deab18fe3?s=96&d=mm&r=g","contentUrl":"https:\/\/secure.gravatar.com\/avatar\/4cfc263c32b2239e66ee1106671ef3977bd9b835b24deab7ca99956deab18fe3?s=96&d=mm&r=g","caption":"DueTecno"},"sameAs":["https:\/\/www.duetecno.it"],"url":"https:\/\/www.duetecno.it\/en\/author\/admin\/"}]}},"_links":{"self":[{"href":"https:\/\/www.duetecno.it\/en\/wp-json\/wp\/v2\/posts\/96761","targetHints":{"allow":["GET"]}}],"collection":[{"href":"https:\/\/www.duetecno.it\/en\/wp-json\/wp\/v2\/posts"}],"about":[{"href":"https:\/\/www.duetecno.it\/en\/wp-json\/wp\/v2\/types\/post"}],"author":[{"embeddable":true,"href":"https:\/\/www.duetecno.it\/en\/wp-json\/wp\/v2\/users\/1"}],"replies":[{"embeddable":true,"href":"https:\/\/www.duetecno.it\/en\/wp-json\/wp\/v2\/comments?post=96761"}],"version-history":[{"count":0,"href":"https:\/\/www.duetecno.it\/en\/wp-json\/wp\/v2\/posts\/96761\/revisions"}],"wp:featuredmedia":[{"embeddable":true,"href":"https:\/\/www.duetecno.it\/en\/wp-json\/wp\/v2\/media\/96762"}],"wp:attachment":[{"href":"https:\/\/www.duetecno.it\/en\/wp-json\/wp\/v2\/media?parent=96761"}],"wp:term":[{"taxonomy":"category","embeddable":true,"href":"https:\/\/www.duetecno.it\/en\/wp-json\/wp\/v2\/categories?post=96761"},{"taxonomy":"post_tag","embeddable":true,"href":"https:\/\/www.duetecno.it\/en\/wp-json\/wp\/v2\/tags?post=96761"}],"curies":[{"name":"wp","href":"https:\/\/api.w.org\/{rel}","templated":true}]}}